{"id":2079,"date":"2023-10-14T00:06:37","date_gmt":"2023-10-13T22:06:37","guid":{"rendered":"https:\/\/www.lysaflores.com\/blog\/?p=2079"},"modified":"2023-10-14T00:06:37","modified_gmt":"2023-10-13T22:06:37","slug":"caracteristicas-de-los-claveles","status":"publish","type":"post","link":"https:\/\/www.lysaflores.com\/blog\/caracteristicas-de-los-claveles\/","title":{"rendered":"Caracter\u00edsticas de los claveles, significado y mucho m\u00e1s\u2026"},"content":{"rendered":"<p>Los claveles son flores hermosas de origen mediterr\u00e1neo que pertenecen a la familia de las Caryophil\u00e1ceas. Son arom\u00e1ticas, coloridas y de corte. El origen del nombre \u201c<strong>Dianthus<\/strong>\u201d se remonta a la antigua Grecia, pues el griego Theophrastus conocido como el \u201cpadre de la bot\u00e1nica\u201d, arm\u00f3 ese nombre bas\u00e1ndose en dos palabras griegas: \u201cDia\u201d (Dios) y \u201cAnthos\u201d (flor).<\/p>\n<p><img loading=\"lazy\" decoding=\"async\" class=\"aligncenter size-full wp-image-2080\" src=\"https:\/\/www.lysaflores.com\/blog\/wp-content\/themes\/veen\/assets\/images\/transparent.gif\" data-lazy=\"true\" data-src=\"https:\/\/www.lysaflores.com\/blog\/wp-content\/uploads\/2016\/12\/carnation-1488929_960_720.jpg\" alt=\"carnation-1488929_960_720\" width=\"960\" height=\"629\" data-srcset=\"https:\/\/www.lysaflores.com\/blog\/wp-content\/uploads\/2016\/12\/carnation-1488929_960_720.jpg 960w, https:\/\/www.lysaflores.com\/blog\/wp-content\/uploads\/2016\/12\/carnation-1488929_960_720-300x197.jpg 300w, https:\/\/www.lysaflores.com\/blog\/wp-content\/uploads\/2016\/12\/carnation-1488929_960_720-800x524.jpg 800w, https:\/\/www.lysaflores.com\/blog\/wp-content\/uploads\/2016\/12\/carnation-1488929_960_720-768x503.jpg 768w, https:\/\/www.lysaflores.com\/blog\/wp-content\/uploads\/2016\/12\/carnation-1488929_960_720-100x66.jpg 100w, https:\/\/www.lysaflores.com\/blog\/wp-content\/uploads\/2016\/12\/carnation-1488929_960_720-687x450.jpg 687w, https:\/\/www.lysaflores.com\/blog\/wp-content\/uploads\/2016\/12\/carnation-1488929_960_720-696x456.jpg 696w, https:\/\/www.lysaflores.com\/blog\/wp-content\/uploads\/2016\/12\/carnation-1488929_960_720-741x486.jpg 741w, https:\/\/www.lysaflores.com\/blog\/wp-content\/uploads\/2016\/12\/carnation-1488929_960_720-641x420.jpg 641w\" data-sizes=\"auto, (max-width: 960px) 100vw, 960px\" \/><\/p>\n<p>Otra leyenda habla que los claveles surgieron de las l\u00e1grimas de la Virgen Mar\u00eda cuando vio llevar a Cristo cargando la cruz hacia el monte G\u00f3lgota. Por ello, se conoce al clavel como <strong>la flor de Dios<\/strong> y es com\u00fan verla en templos cat\u00f3licos.<\/p>\n<p><em>Quiz\u00e1s tambi\u00e9n te puede interesar:\u00a0<a href=\"https:\/\/www.lysaflores.com\/blog\/regala-claveles\/\">\u00a1Regala claveles que aqu\u00ed te decimos su significado!<\/a><\/em><\/p>\n<h2>Caracter\u00edsticas de los Claveles<\/h2>\n<p><img loading=\"lazy\" decoding=\"async\" class=\"aligncenter size-full wp-image-2081\" src=\"https:\/\/www.lysaflores.com\/blog\/wp-content\/themes\/veen\/assets\/images\/transparent.gif\" data-lazy=\"true\" data-src=\"https:\/\/www.lysaflores.com\/blog\/wp-content\/uploads\/2016\/12\/clavel-1665073_960_720.jpg\" alt=\"clavel-1665073_960_720\" width=\"960\" height=\"540\" data-srcset=\"https:\/\/www.lysaflores.com\/blog\/wp-content\/uploads\/2016\/12\/clavel-1665073_960_720.jpg 960w, https:\/\/www.lysaflores.com\/blog\/wp-content\/uploads\/2016\/12\/clavel-1665073_960_720-300x169.jpg 300w, https:\/\/www.lysaflores.com\/blog\/wp-content\/uploads\/2016\/12\/clavel-1665073_960_720-800x450.jpg 800w, https:\/\/www.lysaflores.com\/blog\/wp-content\/uploads\/2016\/12\/clavel-1665073_960_720-768x432.jpg 768w, https:\/\/www.lysaflores.com\/blog\/wp-content\/uploads\/2016\/12\/clavel-1665073_960_720-100x56.jpg 100w, https:\/\/www.lysaflores.com\/blog\/wp-content\/uploads\/2016\/12\/clavel-1665073_960_720-700x394.jpg 700w, https:\/\/www.lysaflores.com\/blog\/wp-content\/uploads\/2016\/12\/clavel-1665073_960_720-696x392.jpg 696w, https:\/\/www.lysaflores.com\/blog\/wp-content\/uploads\/2016\/12\/clavel-1665073_960_720-747x420.jpg 747w\" data-sizes=\"auto, (max-width: 960px) 100vw, 960px\" \/><\/p>\n<p>Los claveles poseen tallos subterr\u00e1neos cortos y cada uno de ellos forman una flor terminal de 5 p\u00e9talos ondeados o dentados. En algunos lugares del mundo se han registrado claveles de hasta 40 p\u00e9talos. Sus flores son bisexuadas de hasta 60cm de di\u00e1metro, con una fragancia intensa. Son coloridas y florecen durante todo el a\u00f1o.<\/p>\n<h2>Significado de los claveles de acuerdo al color<\/h2>\n<p><img loading=\"lazy\" decoding=\"async\" class=\"aligncenter size-full wp-image-2082\" src=\"https:\/\/www.lysaflores.com\/blog\/wp-content\/themes\/veen\/assets\/images\/transparent.gif\" data-lazy=\"true\" data-src=\"https:\/\/www.lysaflores.com\/blog\/wp-content\/uploads\/2016\/12\/flower-1364746_960_720.jpg\" alt=\"flower-1364746_960_720\" width=\"960\" height=\"639\" data-srcset=\"https:\/\/www.lysaflores.com\/blog\/wp-content\/uploads\/2016\/12\/flower-1364746_960_720.jpg 960w, https:\/\/www.lysaflores.com\/blog\/wp-content\/uploads\/2016\/12\/flower-1364746_960_720-300x200.jpg 300w, https:\/\/www.lysaflores.com\/blog\/wp-content\/uploads\/2016\/12\/flower-1364746_960_720-800x533.jpg 800w, https:\/\/www.lysaflores.com\/blog\/wp-content\/uploads\/2016\/12\/flower-1364746_960_720-768x511.jpg 768w, https:\/\/www.lysaflores.com\/blog\/wp-content\/uploads\/2016\/12\/flower-1364746_960_720-100x67.jpg 100w, https:\/\/www.lysaflores.com\/blog\/wp-content\/uploads\/2016\/12\/flower-1364746_960_720-676x450.jpg 676w, https:\/\/www.lysaflores.com\/blog\/wp-content\/uploads\/2016\/12\/flower-1364746_960_720-696x463.jpg 696w, https:\/\/www.lysaflores.com\/blog\/wp-content\/uploads\/2016\/12\/flower-1364746_960_720-631x420.jpg 631w\" data-sizes=\"auto, (max-width: 960px) 100vw, 960px\" \/><\/p>\n<ul>\n<li><strong><u>Claveles blancos<\/u><\/strong>: simbolizan el amor puro, la fidelidad y la inocencia. Son perfectos para decorar bodas.<\/li>\n<li><strong><u>C. amarillos<\/u><\/strong>: para un amor no correspondido.<\/li>\n<li><strong><u>C. p\u00farpuras<\/u><\/strong>: representan el lado m\u00e1s infantil de las personas.<\/li>\n<li><strong><u>Claveles rojos<\/u><\/strong>: son ideales para obsequiarles a las personas que m\u00e1s queremos y por quienes sentimos amor y admiraci\u00f3n.<\/li>\n<li><strong><u>C. con rayas<\/u><\/strong>: simbolizan rechazo, por lo que no suelen ser obsequiados, ya que quien los reciba pueden malinterpretarlos.<\/li>\n<li><strong><u>C. rosados<\/u><\/strong>: simbolizan el amor por la familia.<\/li>\n<li><strong><u>Claveles verdes<\/u><\/strong>: son habituales en la festividad de San Patricio.<\/li>\n<\/ul>\n<h2>\u00bfSab\u00edas qu\u00e9\u2026?<\/h2>\n<p><img loading=\"lazy\" decoding=\"async\" class=\"aligncenter size-full wp-image-1937\" src=\"https:\/\/www.lysaflores.com\/blog\/wp-content\/themes\/veen\/assets\/images\/transparent.gif\" data-lazy=\"true\" data-src=\"https:\/\/www.lysaflores.com\/blog\/wp-content\/uploads\/2016\/11\/Clavel-amarillo.jpg\" alt=\"clavel-amarillo\" width=\"960\" height=\"640\" data-srcset=\"https:\/\/www.lysaflores.com\/blog\/wp-content\/uploads\/2016\/11\/Clavel-amarillo.jpg 960w, https:\/\/www.lysaflores.com\/blog\/wp-content\/uploads\/2016\/11\/Clavel-amarillo-300x200.jpg 300w, https:\/\/www.lysaflores.com\/blog\/wp-content\/uploads\/2016\/11\/Clavel-amarillo-800x533.jpg 800w, https:\/\/www.lysaflores.com\/blog\/wp-content\/uploads\/2016\/11\/Clavel-amarillo-768x512.jpg 768w, https:\/\/www.lysaflores.com\/blog\/wp-content\/uploads\/2016\/11\/Clavel-amarillo-100x67.jpg 100w, https:\/\/www.lysaflores.com\/blog\/wp-content\/uploads\/2016\/11\/Clavel-amarillo-675x450.jpg 675w, https:\/\/www.lysaflores.com\/blog\/wp-content\/uploads\/2016\/11\/Clavel-amarillo-696x464.jpg 696w, https:\/\/www.lysaflores.com\/blog\/wp-content\/uploads\/2016\/11\/Clavel-amarillo-630x420.jpg 630w\" data-sizes=\"auto, (max-width: 960px) 100vw, 960px\" \/><\/p>\n<p>Los claveles pueden encontrarse afortunadamente en casi todo el mundo, porque su adaptaci\u00f3n es buena y r\u00e1pida. Incluso, <a href=\"https:\/\/www.lysaflores.com\/enviar-flores\/\">las flores<\/a> pueden soportar temperaturas bajas sin arruinarse y con el correspondiente cuidado, durar\u00e1n mucho tiempo.<\/p>\n<p><strong>El clavel es la flor nacional de Espa\u00f1a<\/strong> y puede encontrarse no solo en este pa\u00eds sino tambi\u00e9n en Chile, Colombia, Estados Unidos, Argentina, Sud\u00e1frica, M\u00e9xico, Australia, Kenia, Holanda, Guatemala, Ecuador y Turqu\u00eda, entre otros.<\/p>\n<p><em>Te recomendamos leer:\u00a0<a href=\"https:\/\/www.lysaflores.com\/blog\/tagetes\/\">Tagetes o Clavel del Moro, una planta que ofrece una amplia gama de colores<\/a><\/em><\/p>\n<p>\u00bfTe gustar\u00eda realizar un <strong>env\u00edo de claveles a domicilio<\/strong>? \u00a1Solic\u00edtalo en nuestra <a href=\"https:\/\/www.lysaflores.com\">florister\u00eda Lysa Flores<\/a>!!!<\/p>\n","protected":false},"excerpt":{"rendered":"<p>Los claveles son flores hermosas de origen mediterr\u00e1neo que pertenecen a la familia de las Caryophil\u00e1ceas. Son arom\u00e1ticas, coloridas y de corte. El origen del&#8230;<\/p>\n","protected":false},"author":5,"featured_media":2080,"comment_status":"open","ping_status":"open","sticky":false,"template":"","format":"standard","meta":{"footnotes":""},"categories":[3,519],"tags":[],"class_list":["post-2079","post","type-post","status-publish","format-standard","has-post-thumbnail","hentry","category-flores","category-lysa-flores"],"yoast_head":"<!-- This site is optimized with the Yoast SEO plugin v25.2 - https:\/\/yoast.com\/wordpress\/plugins\/seo\/ -->\n<title>Caracter\u00edsticas de los claveles, significado y mucho m\u00e1s\u2026<\/title>\n<meta name=\"description\" content=\"Los claveles son flores hermosas de origen mediterr\u00e1neo que pertenecen a la familia de las Caryophil\u00e1ceas. Conoce sus caracter\u00edsticas, significado y m\u00e1s...\" \/>\n<meta name=\"robots\" content=\"index, follow, max-snippet:-1, max-image-preview:large, max-video-preview:-1\" \/>\n<link rel=\"canonical\" href=\"https:\/\/www.lysaflores.com\/blog\/caracteristicas-de-los-claveles\/\" \/>\n<meta name=\"twitter:label1\" content=\"Escrito por\" \/>\n\t<meta name=\"twitter:data1\" content=\"\" \/>\n\t<meta name=\"twitter:label2\" content=\"Tiempo de lectura\" \/>\n\t<meta name=\"twitter:data2\" content=\"3 minutos\" \/>\n<script type=\"application\/ld+json\" class=\"yoast-schema-graph\">{\"@context\":\"https:\/\/schema.org\",\"@graph\":[{\"@type\":\"Article\",\"@id\":\"https:\/\/www.lysaflores.com\/blog\/caracteristicas-de-los-claveles\/#article\",\"isPartOf\":{\"@id\":\"https:\/\/www.lysaflores.com\/blog\/caracteristicas-de-los-claveles\/\"},\"author\":{\"name\":\"Flavia\",\"@id\":\"https:\/\/www.lysaflores.com\/blog\/#\/schema\/person\/7a20cc3c41f2715d5d66d37e4d292551\"},\"headline\":\"Caracter\u00edsticas de los claveles, significado y mucho m\u00e1s\u2026\",\"datePublished\":\"2023-10-13T22:06:37+00:00\",\"mainEntityOfPage\":{\"@id\":\"https:\/\/www.lysaflores.com\/blog\/caracteristicas-de-los-claveles\/\"},\"wordCount\":417,\"commentCount\":0,\"publisher\":{\"@id\":\"https:\/\/www.lysaflores.com\/blog\/#organization\"},\"image\":{\"@id\":\"https:\/\/www.lysaflores.com\/blog\/caracteristicas-de-los-claveles\/#primaryimage\"},\"thumbnailUrl\":\"https:\/\/www.lysaflores.com\/blog\/wp-content\/uploads\/2016\/12\/carnation-1488929_960_720.jpg\",\"articleSection\":[\"Flores\",\"Lysa Flores\"],\"inLanguage\":\"es\",\"potentialAction\":[{\"@type\":\"CommentAction\",\"name\":\"Comment\",\"target\":[\"https:\/\/www.lysaflores.com\/blog\/caracteristicas-de-los-claveles\/#respond\"]}]},{\"@type\":\"WebPage\",\"@id\":\"https:\/\/www.lysaflores.com\/blog\/caracteristicas-de-los-claveles\/\",\"url\":\"https:\/\/www.lysaflores.com\/blog\/caracteristicas-de-los-claveles\/\",\"name\":\"Caracter\u00edsticas de los claveles, significado y mucho m\u00e1s\u2026\",\"isPartOf\":{\"@id\":\"https:\/\/www.lysaflores.com\/blog\/#website\"},\"primaryImageOfPage\":{\"@id\":\"https:\/\/www.lysaflores.com\/blog\/caracteristicas-de-los-claveles\/#primaryimage\"},\"image\":{\"@id\":\"https:\/\/www.lysaflores.com\/blog\/caracteristicas-de-los-claveles\/#primaryimage\"},\"thumbnailUrl\":\"https:\/\/www.lysaflores.com\/blog\/wp-content\/uploads\/2016\/12\/carnation-1488929_960_720.jpg\",\"datePublished\":\"2023-10-13T22:06:37+00:00\",\"description\":\"Los claveles son flores hermosas de origen mediterr\u00e1neo que pertenecen a la familia de las Caryophil\u00e1ceas. Conoce sus caracter\u00edsticas, significado y m\u00e1s...\",\"breadcrumb\":{\"@id\":\"https:\/\/www.lysaflores.com\/blog\/caracteristicas-de-los-claveles\/#breadcrumb\"},\"inLanguage\":\"es\",\"potentialAction\":[{\"@type\":\"ReadAction\",\"target\":[\"https:\/\/www.lysaflores.com\/blog\/caracteristicas-de-los-claveles\/\"]}]},{\"@type\":\"ImageObject\",\"inLanguage\":\"es\",\"@id\":\"https:\/\/www.lysaflores.com\/blog\/caracteristicas-de-los-claveles\/#primaryimage\",\"url\":\"https:\/\/www.lysaflores.com\/blog\/wp-content\/uploads\/2016\/12\/carnation-1488929_960_720.jpg\",\"contentUrl\":\"https:\/\/www.lysaflores.com\/blog\/wp-content\/uploads\/2016\/12\/carnation-1488929_960_720.jpg\",\"width\":960,\"height\":629},{\"@type\":\"BreadcrumbList\",\"@id\":\"https:\/\/www.lysaflores.com\/blog\/caracteristicas-de-los-claveles\/#breadcrumb\",\"itemListElement\":[{\"@type\":\"ListItem\",\"position\":1,\"name\":\"Flores a domicilio\",\"item\":\"https:\/\/www.lysaflores.com\/blog\/\"},{\"@type\":\"ListItem\",\"position\":2,\"name\":\"Caracter\u00edsticas de los claveles, significado y mucho m\u00e1s\u2026\"}]},{\"@type\":\"WebSite\",\"@id\":\"https:\/\/www.lysaflores.com\/blog\/#website\",\"url\":\"https:\/\/www.lysaflores.com\/blog\/\",\"name\":\"Blog Lysa Flores\",\"description\":\"El blog de flores, rosas, plantas y regalos originales.\",\"publisher\":{\"@id\":\"https:\/\/www.lysaflores.com\/blog\/#organization\"},\"potentialAction\":[{\"@type\":\"SearchAction\",\"target\":{\"@type\":\"EntryPoint\",\"urlTemplate\":\"https:\/\/www.lysaflores.com\/blog\/?s={search_term_string}\"},\"query-input\":{\"@type\":\"PropertyValueSpecification\",\"valueRequired\":true,\"valueName\":\"search_term_string\"}}],\"inLanguage\":\"es\"},{\"@type\":\"Organization\",\"@id\":\"https:\/\/www.lysaflores.com\/blog\/#organization\",\"name\":\"Florister\u00eda Lysa Flores\",\"url\":\"https:\/\/www.lysaflores.com\/blog\/\",\"logo\":{\"@type\":\"ImageObject\",\"inLanguage\":\"es\",\"@id\":\"https:\/\/www.lysaflores.com\/blog\/#\/schema\/logo\/image\/\",\"url\":\"https:\/\/www.lysaflores.com\/blog\/wp-content\/uploads\/2021\/02\/Logo.jpg\",\"contentUrl\":\"https:\/\/www.lysaflores.com\/blog\/wp-content\/uploads\/2021\/02\/Logo.jpg\",\"width\":180,\"height\":180,\"caption\":\"Florister\u00eda Lysa Flores\"},\"image\":{\"@id\":\"https:\/\/www.lysaflores.com\/blog\/#\/schema\/logo\/image\/\"}},{\"@type\":\"Person\",\"@id\":\"https:\/\/www.lysaflores.com\/blog\/#\/schema\/person\/7a20cc3c41f2715d5d66d37e4d292551\",\"name\":\"Flavia\"}]}<\/script>\n<!-- \/ Yoast SEO plugin. -->","yoast_head_json":{"title":"Caracter\u00edsticas de los claveles, significado y mucho m\u00e1s\u2026","description":"Los claveles son flores hermosas de origen mediterr\u00e1neo que pertenecen a la familia de las Caryophil\u00e1ceas. Conoce sus caracter\u00edsticas, significado y m\u00e1s...","robots":{"index":"index","follow":"follow","max-snippet":"max-snippet:-1","max-image-preview":"max-image-preview:large","max-video-preview":"max-video-preview:-1"},"canonical":"https:\/\/www.lysaflores.com\/blog\/caracteristicas-de-los-claveles\/","twitter_misc":{"Escrito por":false,"Tiempo de lectura":"3 minutos"},"schema":{"@context":"https:\/\/schema.org","@graph":[{"@type":"Article","@id":"https:\/\/www.lysaflores.com\/blog\/caracteristicas-de-los-claveles\/#article","isPartOf":{"@id":"https:\/\/www.lysaflores.com\/blog\/caracteristicas-de-los-claveles\/"},"author":{"name":"Flavia","@id":"https:\/\/www.lysaflores.com\/blog\/#\/schema\/person\/7a20cc3c41f2715d5d66d37e4d292551"},"headline":"Caracter\u00edsticas de los claveles, significado y mucho m\u00e1s\u2026","datePublished":"2023-10-13T22:06:37+00:00","mainEntityOfPage":{"@id":"https:\/\/www.lysaflores.com\/blog\/caracteristicas-de-los-claveles\/"},"wordCount":417,"commentCount":0,"publisher":{"@id":"https:\/\/www.lysaflores.com\/blog\/#organization"},"image":{"@id":"https:\/\/www.lysaflores.com\/blog\/caracteristicas-de-los-claveles\/#primaryimage"},"thumbnailUrl":"https:\/\/www.lysaflores.com\/blog\/wp-content\/uploads\/2016\/12\/carnation-1488929_960_720.jpg","articleSection":["Flores","Lysa Flores"],"inLanguage":"es","potentialAction":[{"@type":"CommentAction","name":"Comment","target":["https:\/\/www.lysaflores.com\/blog\/caracteristicas-de-los-claveles\/#respond"]}]},{"@type":"WebPage","@id":"https:\/\/www.lysaflores.com\/blog\/caracteristicas-de-los-claveles\/","url":"https:\/\/www.lysaflores.com\/blog\/caracteristicas-de-los-claveles\/","name":"Caracter\u00edsticas de los claveles, significado y mucho m\u00e1s\u2026","isPartOf":{"@id":"https:\/\/www.lysaflores.com\/blog\/#website"},"primaryImageOfPage":{"@id":"https:\/\/www.lysaflores.com\/blog\/caracteristicas-de-los-claveles\/#primaryimage"},"image":{"@id":"https:\/\/www.lysaflores.com\/blog\/caracteristicas-de-los-claveles\/#primaryimage"},"thumbnailUrl":"https:\/\/www.lysaflores.com\/blog\/wp-content\/uploads\/2016\/12\/carnation-1488929_960_720.jpg","datePublished":"2023-10-13T22:06:37+00:00","description":"Los claveles son flores hermosas de origen mediterr\u00e1neo que pertenecen a la familia de las Caryophil\u00e1ceas. Conoce sus caracter\u00edsticas, significado y m\u00e1s...","breadcrumb":{"@id":"https:\/\/www.lysaflores.com\/blog\/caracteristicas-de-los-claveles\/#breadcrumb"},"inLanguage":"es","potentialAction":[{"@type":"ReadAction","target":["https:\/\/www.lysaflores.com\/blog\/caracteristicas-de-los-claveles\/"]}]},{"@type":"ImageObject","inLanguage":"es","@id":"https:\/\/www.lysaflores.com\/blog\/caracteristicas-de-los-claveles\/#primaryimage","url":"https:\/\/www.lysaflores.com\/blog\/wp-content\/uploads\/2016\/12\/carnation-1488929_960_720.jpg","contentUrl":"https:\/\/www.lysaflores.com\/blog\/wp-content\/uploads\/2016\/12\/carnation-1488929_960_720.jpg","width":960,"height":629},{"@type":"BreadcrumbList","@id":"https:\/\/www.lysaflores.com\/blog\/caracteristicas-de-los-claveles\/#breadcrumb","itemListElement":[{"@type":"ListItem","position":1,"name":"Flores a domicilio","item":"https:\/\/www.lysaflores.com\/blog\/"},{"@type":"ListItem","position":2,"name":"Caracter\u00edsticas de los claveles, significado y mucho m\u00e1s\u2026"}]},{"@type":"WebSite","@id":"https:\/\/www.lysaflores.com\/blog\/#website","url":"https:\/\/www.lysaflores.com\/blog\/","name":"Blog Lysa Flores","description":"El blog de flores, rosas, plantas y regalos originales.","publisher":{"@id":"https:\/\/www.lysaflores.com\/blog\/#organization"},"potentialAction":[{"@type":"SearchAction","target":{"@type":"EntryPoint","urlTemplate":"https:\/\/www.lysaflores.com\/blog\/?s={search_term_string}"},"query-input":{"@type":"PropertyValueSpecification","valueRequired":true,"valueName":"search_term_string"}}],"inLanguage":"es"},{"@type":"Organization","@id":"https:\/\/www.lysaflores.com\/blog\/#organization","name":"Florister\u00eda Lysa Flores","url":"https:\/\/www.lysaflores.com\/blog\/","logo":{"@type":"ImageObject","inLanguage":"es","@id":"https:\/\/www.lysaflores.com\/blog\/#\/schema\/logo\/image\/","url":"https:\/\/www.lysaflores.com\/blog\/wp-content\/uploads\/2021\/02\/Logo.jpg","contentUrl":"https:\/\/www.lysaflores.com\/blog\/wp-content\/uploads\/2021\/02\/Logo.jpg","width":180,"height":180,"caption":"Florister\u00eda Lysa Flores"},"image":{"@id":"https:\/\/www.lysaflores.com\/blog\/#\/schema\/logo\/image\/"}},{"@type":"Person","@id":"https:\/\/www.lysaflores.com\/blog\/#\/schema\/person\/7a20cc3c41f2715d5d66d37e4d292551","name":"Flavia"}]}},"amp_enabled":true,"_links":{"self":[{"href":"https:\/\/www.lysaflores.com\/blog\/wp-json\/wp\/v2\/posts\/2079","targetHints":{"allow":["GET"]}}],"collection":[{"href":"https:\/\/www.lysaflores.com\/blog\/wp-json\/wp\/v2\/posts"}],"about":[{"href":"https:\/\/www.lysaflores.com\/blog\/wp-json\/wp\/v2\/types\/post"}],"author":[{"embeddable":true,"href":"https:\/\/www.lysaflores.com\/blog\/wp-json\/wp\/v2\/users\/5"}],"replies":[{"embeddable":true,"href":"https:\/\/www.lysaflores.com\/blog\/wp-json\/wp\/v2\/comments?post=2079"}],"version-history":[{"count":1,"href":"https:\/\/www.lysaflores.com\/blog\/wp-json\/wp\/v2\/posts\/2079\/revisions"}],"predecessor-version":[{"id":82817,"href":"https:\/\/www.lysaflores.com\/blog\/wp-json\/wp\/v2\/posts\/2079\/revisions\/82817"}],"wp:featuredmedia":[{"embeddable":true,"href":"https:\/\/www.lysaflores.com\/blog\/wp-json\/wp\/v2\/media\/2080"}],"wp:attachment":[{"href":"https:\/\/www.lysaflores.com\/blog\/wp-json\/wp\/v2\/media?parent=2079"}],"wp:term":[{"taxonomy":"category","embeddable":true,"href":"https:\/\/www.lysaflores.com\/blog\/wp-json\/wp\/v2\/categories?post=2079"},{"taxonomy":"post_tag","embeddable":true,"href":"https:\/\/www.lysaflores.com\/blog\/wp-json\/wp\/v2\/tags?post=2079"}],"curies":[{"name":"wp","href":"https:\/\/api.w.org\/{rel}","templated":true}]}}